{"id":6394,"date":"2021-06-01T17:13:41","date_gmt":"2021-06-01T22:13:41","guid":{"rendered":"https:\/\/vamosmujer.org.co\/sitio\/\/redes-y-alianzas\/"},"modified":"2022-01-19T16:14:41","modified_gmt":"2022-01-19T21:14:41","slug":"redes-y-alianzas","status":"publish","type":"post","link":"https:\/\/vamosmujer.org.co\/sitio\/redes-y-alianzas\/","title":{"rendered":"Redes y alianzas"},"content":{"rendered":"<p><strong>Vinculaci\u00f3n con Movimientos Sociales<\/strong><\/p>\n<p><span style=\"color: #800080;\">Movimiento Social de Mujeres:<\/span> Vamos Mujer trabaja con otras organizaciones y expresiones del Movimiento Social de Mujeres y mantiene su acci\u00f3n en la visibilizaci\u00f3n de asuntos que afectan a las mujeres.<\/p>\n<p><img fetchpriority=\"high\" decoding=\"async\" style=\"vertical-align: top; display: block; margin-left: auto; margin-right: auto;\" src=\"\/\/vamosmujer.org.co\/sitio\/\/wp-content\/uploads\/images\/2019\/face.jpg\" alt=\"face\" width=\"841\" height=\"703\" \/><\/p>\n<p><span style=\"color: #800080;\">Mesa de Trabajo Mujer de Medell\u00edn:<\/span> Vamos Mujer participa en actividades y acciones de cabildeo e incidencia en pol\u00edticas p\u00fablicas para las mujeres, veedur\u00eda a planes de desarrollo, pol\u00edticas p\u00fablicas e instancias municipales encargadas de la coordinaci\u00f3n y ejecuci\u00f3n de las mismas.\u00a0<a style=\"padding: 0px; margin: 0px; border: 0px none; font-family: MuseoSans; font-size: 16px; text-align: -webkit-center;\" href=\"https:\/\/vamosmujer.org.co\/sitio\/el-poder-de-las-agendas-ciudadanas-de-las-mujeres\/\">El poder de las Agendas Ciudadanas de las Mujeres<\/a><\/p>\n<p><span style=\"color: #800080;\">Ruta Pac\u00edfica de las Mujeres Colombianas:<\/span> Vamos Mujer es parte desde la fundaci\u00f3n de este movimiento feminista y pacifista que trabaja por la tramitaci\u00f3n negociada del conflicto armado en Colombia, por la visibilizaci\u00f3n de los efectos de la guerra en la vida de las mujeres y por la exigibilidad de los derechos a la Verdad, la Justicia, la Reparaci\u00f3n y la reconstrucci\u00f3n de la memoria hist\u00f3rica individual y colectiva para la No Repetici\u00f3n.\u00a0<a href=\"http:\/\/www.rutapacifica.org.co\/\" target=\"_blank\" rel=\"noopener noreferrer\">Ir a Ruta Pac\u00edfica<\/a><\/p>\n<p><img decoding=\"async\" style=\"vertical-align: top; display: block; margin-left: auto; margin-right: auto;\" src=\"\/\/vamosmujer.org.co\/sitio\/\/wp-content\/uploads\/images\/2019\/DSC_0254.JPG\" alt=\"DSC 0254\" width=\"712\" height=\"474\" \/><\/p>\n<p>Red Internacional de Mujeres de Negro: En Colombia, la Ruta Pac\u00edfica de las Mujeres integra la Red Internacional de Mujeres de Negro, y desde su origen en 1996 realiza acciones movilizadoras, simb\u00f3licas, sociales y pol\u00edticas en contra de la guerra, en donde exige a los actores armados a participar en un di\u00e1logo y negociaci\u00f3n pol\u00edtica del conflicto y el respeto por las normas del Derecho Internacional Humanitario. Ir a Mujeres de Negro (<a href=\"http:\/\/womeninblack.org\/\" target=\"_blank\" rel=\"noopener noreferrer\">http:\/\/womeninblack.org\/<\/a> )<\/p>\n<p><span style=\"color: #800080;\">Tribunal DESC de las Mujeres:<\/span> El Tribunal de Mujeres y sus derechos econ\u00f3micos, sociales y culturales, es una articulaci\u00f3n de organizaciones de mujeres, feministas y de derechos humanos de Am\u00e9rica del Sur. En su expresi\u00f3n Medell\u00edn, Colombia, se ha constituido como un espacio de encuentro entre organizaciones de mujeres populares para la construcci\u00f3n de estrategias de exigibilidad entorno a los DESC de las Mujeres, espec\u00edficamente el Derecho al Agua como derecho Humano Fundamental.<\/p>\n<p><img decoding=\"async\" style=\"display: block; margin-left: auto; margin-right: auto;\" src=\"\/\/vamosmujer.org.co\/sitio\/\/wp-content\/uploads\/images\/contenido\/presencia\/Redes_Interior.jpg\" alt=\"Redes Interior\" width=\"800\" height=\"600\" \/><\/p>\n<p><strong>Relaciones interinstitucionales<\/strong><\/p>\n<p>Corporaci\u00f3n Para la Vida Mujeres que Crean: Vamos Mujer y Mujeres que crean elaboran el Informe anual de Derechos Humanos de las Mujeres de Medell\u00edn y el Valle de Aburr\u00e1.\u00a0Ir a Mujeres que Crean<\/p>\n<p><img loading=\"lazy\" decoding=\"async\" style=\"vertical-align: top; display: block; margin-left: auto; margin-right: auto;\" src=\"\/\/vamosmujer.org.co\/sitio\/\/wp-content\/uploads\/images\/2019\/eunomiajpg.jpg\" alt=\"eunomiajpg\" width=\"815\" height=\"542\" \/><\/p>\n<p><span style=\"color: #800080;\">Articulaci\u00f3n de Mujeres Populares por Otro Mundo Posible:<\/span> Vamos Mujer participa en este espacio de visibilizaci\u00f3n y articulaci\u00f3n de las propuestas de mujeres populares como sujetos pol\u00edticos con m\u00faltiples identidades y en la construcci\u00f3n de nuevas ciudadan\u00edas.<\/p>\n<p><span style=\"color: #800080;\">Convenio Populares y Diversas:<\/span> Vamos Mujer hace parte del Programa internacional de Formaci\u00f3n y Empoderamiento de Mujeres, donde participan m\u00e1s 20 organizaciones de Brasil, Colombia, Ecuador y Per\u00fa. <a href=\"http:\/\/www.popularesydiversas.org\/\" target=\"_blank\" rel=\"noopener noreferrer\">Ir a Populares y Diversas<\/a><\/p>\n<p><span style=\"color: #800080;\">ECOFONDO (Asociaci\u00f3n de Organizaciones con Proyectos Ambientalistas):<\/span> Vamos Mujer es socia de ECOFONDO, organizaci\u00f3n de organizaciones ambientalistas de todo el territorio nacional que en forma conjunta y articulada, promovemos la reflexi\u00f3n y la acci\u00f3n pol\u00edtica en relaci\u00f3n con las problem\u00e1ticas ambientales, el fortalecimiento de los movimientos sociales, las organizaciones locales, reconociendo la diversidad ecosist\u00e9mica y cultural del pa\u00eds. <a href=\"http:\/\/www.ecofondo.org.co\/\" target=\"_blank\" rel=\"noopener noreferrer\">Ir a ECOFONDO<\/a><\/p>\n<p><span style=\"color: #800080;\">REDESOL\u00a0(Red de Econom\u00eda Solidaria):<\/span> En la red se propone la reflexi\u00f3n respecto al papel que deben cumplir las diversas formas de organizaci\u00f3n en el marco del desarrollo humano para aportar a la incidencia en pol\u00edticas p\u00fablicas favorables a la construcci\u00f3n de la econom\u00eda y cultura solidaria. <a href=\"http:\/\/www.economiasolidaria.org\/\" target=\"_blank\" rel=\"noopener noreferrer\">http:\/\/www.economiasolidaria.org\/<\/a> &#8211; <a href=\"http:\/\/redesolantioquia.blogspot.com\/\">http:\/\/redesolantioquia.blogspot.com\/<\/a><\/p>\n<p>Vamos Mujer es Socia de\u00a0<a href=\"http:\/\/fomentamos.com.co\/\" target=\"_blank\" rel=\"noopener noreferrer\">Fomentamos<\/a>\u00a0y la\u00a0<a href=\"http:\/\/www.faong.org\/\" target=\"_blank\" rel=\"noopener noreferrer\">Federaci\u00f3n Antioque\u00f1a de ONG<\/a><\/p>\n<p>Vamos Mujer hace parte de la <span style=\"color: #800080;\">Junta de Programaci\u00f3n de Emisoras Comunitarias de Medell\u00edn:<\/span> <a href=\"http:\/\/www.corporacionsimonbolivar.org\/\" target=\"_blank\" rel=\"noopener noreferrer\">Zona Radio 88. 4 fm<\/a>, Emisora Comunitaria del Norte de Medell\u00edn y <a href=\"http:\/\/asociacionpalco.com\/reproductor-la-esquina-radio\/\" target=\"_blank\" rel=\"noopener noreferrer\">La Esquina Radio 101.4 fm<\/a><\/p>\n<ol>\n<li style=\"list-style-type: none;\">\n<ol>Este a\u00f1o 2019, tuvimos una participaci\u00f3n m\u00e1s activa con la elaboraci\u00f3n de 5 programas de la franja radial<\/ol>\n<\/li>\n<\/ol>\n<p><a href=\"https:\/\/asociacionpalco.org\/franjas\/territoriosvivos\/\">Territorios Vivos<\/a><\/p>\n<ol>\n<li style=\"list-style-type: none;\">\n<ol>sobre:<\/ol>\n<\/li>\n<\/ol>\n<ol>\n<li style=\"list-style-type: none;\">\n<ol>\n<li>&#8211; Violencias sexuales contra ni\u00f1as y j\u00f3venes.<\/li>\n<li>&#8211; Sobera alimentaria y ecofeminsimo.<\/li>\n<li>&#8211; Participaci\u00f3n pol\u00edtica de las mujeres.<\/li>\n<li>&#8211; Econom\u00eda feminista.<\/li>\n<\/ol>\n<\/li>\n<\/ol>\n<p style=\"text-align: center;\"><img loading=\"lazy\" decoding=\"async\" style=\"vertical-align: top;\" src=\"\/\/vamosmujer.org.co\/sitio\/\/wp-content\/uploads\/images\/2019\/violenciassexcombos.png\" alt=\"violenciassexcombos\" width=\"253\" height=\"253\" \/><img loading=\"lazy\" decoding=\"async\" style=\"vertical-align: top;\" src=\"\/\/vamosmujer.org.co\/sitio\/\/wp-content\/uploads\/images\/2019\/sob.png\" alt=\"sob\" width=\"252\" height=\"252\" \/><img loading=\"lazy\" decoding=\"async\" style=\"vertical-align: top;\" src=\"\/\/vamosmujer.org.co\/sitio\/\/wp-content\/uploads\/images\/2019\/PartPol.png\" alt=\"PartPol\" width=\"252\" height=\"252\" \/><img loading=\"lazy\" decoding=\"async\" style=\"vertical-align: top;\" src=\"\/\/vamosmujer.org.co\/sitio\/\/wp-content\/uploads\/images\/2019\/ECuidado.png\" alt=\"ECuidado\" width=\"252\" height=\"252\" \/><\/p>\n<p style=\"text-align: center;\">\n<p style=\"text-align: center;\">\n<p style=\"text-align: center;\">\n<div>\n<div><\/div>\n<\/div>\n<table style=\"height: 80px; width: 1040px; margin-left: auto; margin-right: auto;\">\n<tbody>\n<tr>\n<td>\u00a0 \u00a0<a href=\"https:\/\/www.facebook.com\/corporacionvamosmujer\/\"><img loading=\"lazy\" decoding=\"async\" style=\"vertical-align: top;\" src=\"\/\/vamosmujer.org.co\/sitio\/\/wp-content\/uploads\/images\/2019\/Seminario\/face.jpg\" alt=\"face\" width=\"301\" height=\"31\" \/><\/a><\/td>\n<td>\u00a0<a href=\"https:\/\/twitter.com\/vamosmujer\"><img loading=\"lazy\" decoding=\"async\" style=\"vertical-align: top;\" src=\"\/\/vamosmujer.org.co\/sitio\/\/wp-content\/uploads\/images\/2019\/Seminario\/twitter.jpg\" alt=\"twitter\" width=\"276\" height=\"29\" \/><\/a><\/td>\n<td style=\"text-align: right;\"><a href=\"https:\/\/www.instagram.com\/corporacionvamosmujer\/?hl=es-la\"><img loading=\"lazy\" decoding=\"async\" style=\"vertical-align: top;\" src=\"\/\/vamosmujer.org.co\/sitio\/\/wp-content\/uploads\/images\/2019\/Seminario\/instagram.jpg\" alt=\"instagram\" width=\"202\" height=\"38\" \/><\/a><\/td>\n<td style=\"text-align: right;\">\u00a0<a href=\"https:\/\/www.youtube.com\/channel\/UCAc-qitYba-Hv0QWSaB04pA?view_as=subscriber\"><img loading=\"lazy\" decoding=\"async\" style=\"vertical-align: top;\" src=\"\/\/vamosmujer.org.co\/sitio\/\/wp-content\/uploads\/images\/2019\/Seminario\/y.jpg\" alt=\"y\" width=\"228\" height=\"29\" \/><\/a><\/td>\n<\/tr>\n<\/tbody>\n<\/table>\n","protected":false},"excerpt":{"rendered":"<p>Vinculaci\u00f3n con Movimientos Sociales Movimiento Social de Mujeres: Vamos Mujer trabaja con otras organizaciones y expresiones del Movimiento Social de Mujeres y mantiene su acci\u00f3n en la visibilizaci\u00f3n de asuntos que afectan a las mujeres. Mesa de Trabajo Mujer de Medell\u00edn: Vamos Mujer participa en actividades y acciones de cabildeo e incidencia en pol\u00edticas p\u00fablicas para las mujeres, veedur\u00eda a\u2026<\/p>\n","protected":false},"author":1,"featured_media":8280,"comment_status":"closed","ping_status":"closed","sticky":false,"template":"","format":"standard","meta":{"pgc_meta":"","footnotes":""},"categories":[72],"tags":[],"class_list":["post-6394","post","type-post","status-publish","format-standard","has-post-thumbnail","hentry","category-alianzas-2"],"yoast_head":"<!-- This site is optimized with the Yoast SEO plugin v22.4 - https:\/\/yoast.com\/wordpress\/plugins\/seo\/ -->\n<title>Redes y alianzas - Corporaci\u00f3n Vamos Mujer<\/title>\n<meta name=\"robots\" content=\"index, follow, max-snippet:-1, max-image-preview:large, max-video-preview:-1\" \/>\n<link rel=\"canonical\" href=\"https:\/\/vamosmujer.org.co\/sitio\/redes-y-alianzas\/\" \/>\n<meta property=\"og:locale\" content=\"es_ES\" \/>\n<meta property=\"og:type\" content=\"article\" \/>\n<meta property=\"og:title\" content=\"Redes y alianzas - Corporaci\u00f3n Vamos Mujer\" \/>\n<meta property=\"og:description\" content=\"Vinculaci\u00f3n con Movimientos Sociales Movimiento Social de Mujeres: Vamos Mujer trabaja con otras organizaciones y expresiones del Movimiento Social de Mujeres y mantiene su acci\u00f3n en la visibilizaci\u00f3n de asuntos que afectan a las mujeres. Mesa de Trabajo Mujer de Medell\u00edn: Vamos Mujer participa en actividades y acciones de cabildeo e incidencia en pol\u00edticas p\u00fablicas para las mujeres, veedur\u00eda a\u2026\" \/>\n<meta property=\"og:url\" content=\"https:\/\/vamosmujer.org.co\/sitio\/redes-y-alianzas\/\" \/>\n<meta property=\"og:site_name\" content=\"Corporaci\u00f3n Vamos Mujer\" \/>\n<meta property=\"article:publisher\" content=\"https:\/\/www.facebook.com\/corporacionvamosmujer\/\" \/>\n<meta property=\"article:published_time\" content=\"2021-06-01T22:13:41+00:00\" \/>\n<meta property=\"article:modified_time\" content=\"2022-01-19T21:14:41+00:00\" \/>\n<meta property=\"og:image\" content=\"https:\/\/vamosmujer.org.co\/sitio\/wp-content\/uploads\/2021\/06\/banner_general-1.jpg\" \/>\n\t<meta property=\"og:image:width\" content=\"1918\" \/>\n\t<meta property=\"og:image:height\" content=\"254\" \/>\n\t<meta property=\"og:image:type\" content=\"image\/jpeg\" \/>\n<meta name=\"author\" content=\"interservicios\" \/>\n<meta name=\"twitter:card\" content=\"summary_large_image\" \/>\n<meta name=\"twitter:creator\" content=\"@vamosmujer\" \/>\n<meta name=\"twitter:site\" content=\"@vamosmujer\" \/>\n<meta name=\"twitter:label1\" content=\"Escrito por\" \/>\n\t<meta name=\"twitter:data1\" content=\"interservicios\" \/>\n\t<meta name=\"twitter:label2\" content=\"Tiempo estimado de lectura\" \/>\n\t<meta name=\"twitter:data2\" content=\"3 minutos\" \/>\n<script type=\"application\/ld+json\" class=\"yoast-schema-graph\">{\"@context\":\"https:\/\/schema.org\",\"@graph\":[{\"@type\":\"Article\",\"@id\":\"https:\/\/vamosmujer.org.co\/sitio\/redes-y-alianzas\/#article\",\"isPartOf\":{\"@id\":\"https:\/\/vamosmujer.org.co\/sitio\/redes-y-alianzas\/\"},\"author\":{\"name\":\"interservicios\",\"@id\":\"https:\/\/vamosmujer.org.co\/sitio\/#\/schema\/person\/73c725b063a99ae86912b9d53eef794a\"},\"headline\":\"Redes y alianzas\",\"datePublished\":\"2021-06-01T22:13:41+00:00\",\"dateModified\":\"2022-01-19T21:14:41+00:00\",\"mainEntityOfPage\":{\"@id\":\"https:\/\/vamosmujer.org.co\/sitio\/redes-y-alianzas\/\"},\"wordCount\":690,\"publisher\":{\"@id\":\"https:\/\/vamosmujer.org.co\/sitio\/#organization\"},\"image\":{\"@id\":\"https:\/\/vamosmujer.org.co\/sitio\/redes-y-alianzas\/#primaryimage\"},\"thumbnailUrl\":\"https:\/\/vamosmujer.org.co\/sitio\/wp-content\/uploads\/2021\/06\/banner_general-1.jpg\",\"articleSection\":[\"Alianzas\"],\"inLanguage\":\"es-CO\"},{\"@type\":\"WebPage\",\"@id\":\"https:\/\/vamosmujer.org.co\/sitio\/redes-y-alianzas\/\",\"url\":\"https:\/\/vamosmujer.org.co\/sitio\/redes-y-alianzas\/\",\"name\":\"Redes y alianzas - Corporaci\u00f3n Vamos Mujer\",\"isPartOf\":{\"@id\":\"https:\/\/vamosmujer.org.co\/sitio\/#website\"},\"primaryImageOfPage\":{\"@id\":\"https:\/\/vamosmujer.org.co\/sitio\/redes-y-alianzas\/#primaryimage\"},\"image\":{\"@id\":\"https:\/\/vamosmujer.org.co\/sitio\/redes-y-alianzas\/#primaryimage\"},\"thumbnailUrl\":\"https:\/\/vamosmujer.org.co\/sitio\/wp-content\/uploads\/2021\/06\/banner_general-1.jpg\",\"datePublished\":\"2021-06-01T22:13:41+00:00\",\"dateModified\":\"2022-01-19T21:14:41+00:00\",\"breadcrumb\":{\"@id\":\"https:\/\/vamosmujer.org.co\/sitio\/redes-y-alianzas\/#breadcrumb\"},\"inLanguage\":\"es-CO\",\"potentialAction\":[{\"@type\":\"ReadAction\",\"target\":[\"https:\/\/vamosmujer.org.co\/sitio\/redes-y-alianzas\/\"]}]},{\"@type\":\"ImageObject\",\"inLanguage\":\"es-CO\",\"@id\":\"https:\/\/vamosmujer.org.co\/sitio\/redes-y-alianzas\/#primaryimage\",\"url\":\"https:\/\/vamosmujer.org.co\/sitio\/wp-content\/uploads\/2021\/06\/banner_general-1.jpg\",\"contentUrl\":\"https:\/\/vamosmujer.org.co\/sitio\/wp-content\/uploads\/2021\/06\/banner_general-1.jpg\",\"width\":1918,\"height\":254},{\"@type\":\"BreadcrumbList\",\"@id\":\"https:\/\/vamosmujer.org.co\/sitio\/redes-y-alianzas\/#breadcrumb\",\"itemListElement\":[{\"@type\":\"ListItem\",\"position\":1,\"name\":\"Inicio\",\"item\":\"https:\/\/vamosmujer.org.co\/sitio\/\"},{\"@type\":\"ListItem\",\"position\":2,\"name\":\"Redes y alianzas\"}]},{\"@type\":\"WebSite\",\"@id\":\"https:\/\/vamosmujer.org.co\/sitio\/#website\",\"url\":\"https:\/\/vamosmujer.org.co\/sitio\/\",\"name\":\"Corporaci\u00f3n Vamos Mujer\",\"description\":\"Vamos Mujer\",\"publisher\":{\"@id\":\"https:\/\/vamosmujer.org.co\/sitio\/#organization\"},\"potentialAction\":[{\"@type\":\"SearchAction\",\"target\":{\"@type\":\"EntryPoint\",\"urlTemplate\":\"https:\/\/vamosmujer.org.co\/sitio\/?s={search_term_string}\"},\"query-input\":\"required name=search_term_string\"}],\"inLanguage\":\"es-CO\"},{\"@type\":\"Organization\",\"@id\":\"https:\/\/vamosmujer.org.co\/sitio\/#organization\",\"name\":\"Corporaci\u00f3n Vamos Mujer\",\"url\":\"https:\/\/vamosmujer.org.co\/sitio\/\",\"logo\":{\"@type\":\"ImageObject\",\"inLanguage\":\"es-CO\",\"@id\":\"https:\/\/vamosmujer.org.co\/sitio\/#\/schema\/logo\/image\/\",\"url\":\"https:\/\/vamosmujer.org.co\/sitio\/wp-content\/uploads\/2020\/10\/logo_vamos-07.png\",\"contentUrl\":\"https:\/\/vamosmujer.org.co\/sitio\/wp-content\/uploads\/2020\/10\/logo_vamos-07.png\",\"width\":911,\"height\":231,\"caption\":\"Corporaci\u00f3n Vamos Mujer\"},\"image\":{\"@id\":\"https:\/\/vamosmujer.org.co\/sitio\/#\/schema\/logo\/image\/\"},\"sameAs\":[\"https:\/\/www.facebook.com\/corporacionvamosmujer\/\",\"https:\/\/twitter.com\/vamosmujer\",\"https:\/\/www.instagram.com\/corporacionvamosmujer\/\",\"https:\/\/www.youtube.com\/channel\/UCAc-qitYba-Hv0QWSaB04pA\/featured\"]},{\"@type\":\"Person\",\"@id\":\"https:\/\/vamosmujer.org.co\/sitio\/#\/schema\/person\/73c725b063a99ae86912b9d53eef794a\",\"name\":\"interservicios\",\"image\":{\"@type\":\"ImageObject\",\"inLanguage\":\"es-CO\",\"@id\":\"https:\/\/vamosmujer.org.co\/sitio\/#\/schema\/person\/image\/\",\"url\":\"https:\/\/secure.gravatar.com\/avatar\/dc41fba5f498a0a02255d3045e81c2b8?s=96&d=mm&r=g\",\"contentUrl\":\"https:\/\/secure.gravatar.com\/avatar\/dc41fba5f498a0a02255d3045e81c2b8?s=96&d=mm&r=g\",\"caption\":\"interservicios\"},\"sameAs\":[\"https:\/\/vamosmujer.org.co\/sitio\/\"],\"url\":\"https:\/\/vamosmujer.org.co\/sitio\/author\/interservicios\/\"}]}<\/script>\n<!-- \/ Yoast SEO plugin. -->","yoast_head_json":{"title":"Redes y alianzas - Corporaci\u00f3n Vamos Mujer","robots":{"index":"index","follow":"follow","max-snippet":"max-snippet:-1","max-image-preview":"max-image-preview:large","max-video-preview":"max-video-preview:-1"},"canonical":"https:\/\/vamosmujer.org.co\/sitio\/redes-y-alianzas\/","og_locale":"es_ES","og_type":"article","og_title":"Redes y alianzas - Corporaci\u00f3n Vamos Mujer","og_description":"Vinculaci\u00f3n con Movimientos Sociales Movimiento Social de Mujeres: Vamos Mujer trabaja con otras organizaciones y expresiones del Movimiento Social de Mujeres y mantiene su acci\u00f3n en la visibilizaci\u00f3n de asuntos que afectan a las mujeres. Mesa de Trabajo Mujer de Medell\u00edn: Vamos Mujer participa en actividades y acciones de cabildeo e incidencia en pol\u00edticas p\u00fablicas para las mujeres, veedur\u00eda a\u2026","og_url":"https:\/\/vamosmujer.org.co\/sitio\/redes-y-alianzas\/","og_site_name":"Corporaci\u00f3n Vamos Mujer","article_publisher":"https:\/\/www.facebook.com\/corporacionvamosmujer\/","article_published_time":"2021-06-01T22:13:41+00:00","article_modified_time":"2022-01-19T21:14:41+00:00","og_image":[{"width":1918,"height":254,"url":"https:\/\/vamosmujer.org.co\/sitio\/wp-content\/uploads\/2021\/06\/banner_general-1.jpg","type":"image\/jpeg"}],"author":"interservicios","twitter_card":"summary_large_image","twitter_creator":"@vamosmujer","twitter_site":"@vamosmujer","twitter_misc":{"Escrito por":"interservicios","Tiempo estimado de lectura":"3 minutos"},"schema":{"@context":"https:\/\/schema.org","@graph":[{"@type":"Article","@id":"https:\/\/vamosmujer.org.co\/sitio\/redes-y-alianzas\/#article","isPartOf":{"@id":"https:\/\/vamosmujer.org.co\/sitio\/redes-y-alianzas\/"},"author":{"name":"interservicios","@id":"https:\/\/vamosmujer.org.co\/sitio\/#\/schema\/person\/73c725b063a99ae86912b9d53eef794a"},"headline":"Redes y alianzas","datePublished":"2021-06-01T22:13:41+00:00","dateModified":"2022-01-19T21:14:41+00:00","mainEntityOfPage":{"@id":"https:\/\/vamosmujer.org.co\/sitio\/redes-y-alianzas\/"},"wordCount":690,"publisher":{"@id":"https:\/\/vamosmujer.org.co\/sitio\/#organization"},"image":{"@id":"https:\/\/vamosmujer.org.co\/sitio\/redes-y-alianzas\/#primaryimage"},"thumbnailUrl":"https:\/\/vamosmujer.org.co\/sitio\/wp-content\/uploads\/2021\/06\/banner_general-1.jpg","articleSection":["Alianzas"],"inLanguage":"es-CO"},{"@type":"WebPage","@id":"https:\/\/vamosmujer.org.co\/sitio\/redes-y-alianzas\/","url":"https:\/\/vamosmujer.org.co\/sitio\/redes-y-alianzas\/","name":"Redes y alianzas - Corporaci\u00f3n Vamos Mujer","isPartOf":{"@id":"https:\/\/vamosmujer.org.co\/sitio\/#website"},"primaryImageOfPage":{"@id":"https:\/\/vamosmujer.org.co\/sitio\/redes-y-alianzas\/#primaryimage"},"image":{"@id":"https:\/\/vamosmujer.org.co\/sitio\/redes-y-alianzas\/#primaryimage"},"thumbnailUrl":"https:\/\/vamosmujer.org.co\/sitio\/wp-content\/uploads\/2021\/06\/banner_general-1.jpg","datePublished":"2021-06-01T22:13:41+00:00","dateModified":"2022-01-19T21:14:41+00:00","breadcrumb":{"@id":"https:\/\/vamosmujer.org.co\/sitio\/redes-y-alianzas\/#breadcrumb"},"inLanguage":"es-CO","potentialAction":[{"@type":"ReadAction","target":["https:\/\/vamosmujer.org.co\/sitio\/redes-y-alianzas\/"]}]},{"@type":"ImageObject","inLanguage":"es-CO","@id":"https:\/\/vamosmujer.org.co\/sitio\/redes-y-alianzas\/#primaryimage","url":"https:\/\/vamosmujer.org.co\/sitio\/wp-content\/uploads\/2021\/06\/banner_general-1.jpg","contentUrl":"https:\/\/vamosmujer.org.co\/sitio\/wp-content\/uploads\/2021\/06\/banner_general-1.jpg","width":1918,"height":254},{"@type":"BreadcrumbList","@id":"https:\/\/vamosmujer.org.co\/sitio\/redes-y-alianzas\/#breadcrumb","itemListElement":[{"@type":"ListItem","position":1,"name":"Inicio","item":"https:\/\/vamosmujer.org.co\/sitio\/"},{"@type":"ListItem","position":2,"name":"Redes y alianzas"}]},{"@type":"WebSite","@id":"https:\/\/vamosmujer.org.co\/sitio\/#website","url":"https:\/\/vamosmujer.org.co\/sitio\/","name":"Corporaci\u00f3n Vamos Mujer","description":"Vamos Mujer","publisher":{"@id":"https:\/\/vamosmujer.org.co\/sitio\/#organization"},"potentialAction":[{"@type":"SearchAction","target":{"@type":"EntryPoint","urlTemplate":"https:\/\/vamosmujer.org.co\/sitio\/?s={search_term_string}"},"query-input":"required name=search_term_string"}],"inLanguage":"es-CO"},{"@type":"Organization","@id":"https:\/\/vamosmujer.org.co\/sitio\/#organization","name":"Corporaci\u00f3n Vamos Mujer","url":"https:\/\/vamosmujer.org.co\/sitio\/","logo":{"@type":"ImageObject","inLanguage":"es-CO","@id":"https:\/\/vamosmujer.org.co\/sitio\/#\/schema\/logo\/image\/","url":"https:\/\/vamosmujer.org.co\/sitio\/wp-content\/uploads\/2020\/10\/logo_vamos-07.png","contentUrl":"https:\/\/vamosmujer.org.co\/sitio\/wp-content\/uploads\/2020\/10\/logo_vamos-07.png","width":911,"height":231,"caption":"Corporaci\u00f3n Vamos Mujer"},"image":{"@id":"https:\/\/vamosmujer.org.co\/sitio\/#\/schema\/logo\/image\/"},"sameAs":["https:\/\/www.facebook.com\/corporacionvamosmujer\/","https:\/\/twitter.com\/vamosmujer","https:\/\/www.instagram.com\/corporacionvamosmujer\/","https:\/\/www.youtube.com\/channel\/UCAc-qitYba-Hv0QWSaB04pA\/featured"]},{"@type":"Person","@id":"https:\/\/vamosmujer.org.co\/sitio\/#\/schema\/person\/73c725b063a99ae86912b9d53eef794a","name":"interservicios","image":{"@type":"ImageObject","inLanguage":"es-CO","@id":"https:\/\/vamosmujer.org.co\/sitio\/#\/schema\/person\/image\/","url":"https:\/\/secure.gravatar.com\/avatar\/dc41fba5f498a0a02255d3045e81c2b8?s=96&d=mm&r=g","contentUrl":"https:\/\/secure.gravatar.com\/avatar\/dc41fba5f498a0a02255d3045e81c2b8?s=96&d=mm&r=g","caption":"interservicios"},"sameAs":["https:\/\/vamosmujer.org.co\/sitio\/"],"url":"https:\/\/vamosmujer.org.co\/sitio\/author\/interservicios\/"}]}},"_links":{"self":[{"href":"https:\/\/vamosmujer.org.co\/sitio\/wp-json\/wp\/v2\/posts\/6394"}],"collection":[{"href":"https:\/\/vamosmujer.org.co\/sitio\/wp-json\/wp\/v2\/posts"}],"about":[{"href":"https:\/\/vamosmujer.org.co\/sitio\/wp-json\/wp\/v2\/types\/post"}],"author":[{"embeddable":true,"href":"https:\/\/vamosmujer.org.co\/sitio\/wp-json\/wp\/v2\/users\/1"}],"replies":[{"embeddable":true,"href":"https:\/\/vamosmujer.org.co\/sitio\/wp-json\/wp\/v2\/comments?post=6394"}],"version-history":[{"count":3,"href":"https:\/\/vamosmujer.org.co\/sitio\/wp-json\/wp\/v2\/posts\/6394\/revisions"}],"predecessor-version":[{"id":8929,"href":"https:\/\/vamosmujer.org.co\/sitio\/wp-json\/wp\/v2\/posts\/6394\/revisions\/8929"}],"wp:featuredmedia":[{"embeddable":true,"href":"https:\/\/vamosmujer.org.co\/sitio\/wp-json\/wp\/v2\/media\/8280"}],"wp:attachment":[{"href":"https:\/\/vamosmujer.org.co\/sitio\/wp-json\/wp\/v2\/media?parent=6394"}],"wp:term":[{"taxonomy":"category","embeddable":true,"href":"https:\/\/vamosmujer.org.co\/sitio\/wp-json\/wp\/v2\/categories?post=6394"},{"taxonomy":"post_tag","embeddable":true,"href":"https:\/\/vamosmujer.org.co\/sitio\/wp-json\/wp\/v2\/tags?post=6394"}],"curies":[{"name":"wp","href":"https:\/\/api.w.org\/{rel}","templated":true}]}}