{"id":6408,"date":"2021-06-01T17:13:44","date_gmt":"2021-06-01T22:13:44","guid":{"rendered":"https:\/\/vamosmujer.org.co\/sitio\/\/suroeste-de-antioquia\/"},"modified":"2021-07-27T16:41:36","modified_gmt":"2021-07-27T21:41:36","slug":"suroeste-de-antioquia","status":"publish","type":"post","link":"https:\/\/vamosmujer.org.co\/sitio\/suroeste-de-antioquia\/","title":{"rendered":"Suroeste de Antioquia"},"content":{"rendered":"<p>Esta regi\u00f3n es referente cultural de todo el departamento, por haber sido el centro de la colonizaci\u00f3n antioque\u00f1a en el siglo XIX y por el desarrollo de la econom\u00eda cafetera. Esta actividad es una fuente de ingresos importante junto con otros productos agr\u00edcolas, y el turismo ha cobrado importancia en los \u00faltimos a\u00f1os. Tiene una concentraci\u00f3n de poblaci\u00f3n rural que se caracteriza por su fuerte arraigo a la tradici\u00f3n familista.<\/p>\n<p>A pesar del aumento de la oferta institucional respecto a algunas necesidades y derechos fundamentales, la calidad de vida de los pobladores de la regi\u00f3n se ha ido precarizando y los problemas sociales, econ\u00f3micos y pol\u00edticos se han profundizado por la presencia de grupos armados en el territorio, la instalaci\u00f3n de din\u00e1micas de microtr\u00e1fico y las pol\u00edticas extractivistas. Esto ha contribuido al desarrollo de situaciones de violencia, desarraigo territorial e inequidad en las que las principales afectadas son las mujeres y las ni\u00f1as, tal y como se evidencia en la alta tasa de mujeres v\u00edctimas de la violencia ejercida por su pareja.<\/p>\n<p>Vamos Mujer en alianza con la Asociaci\u00f3n Subregional de Mujeres del Suroeste (ASUBMUS), realizan un proceso de incidencia regional que tiene como objetivo construir una regi\u00f3n con desarrollo sostenible, equidad de g\u00e9nero y libre de violencias hacia las mujeres.<\/p>\n<p>Nuestra intervenci\u00f3n\/interacci\u00f3n con la ASUBMUS y las organizaciones de mujeres a nivel municipal, se desarrolla bajo los siguientes ejes de trabajo:<\/p>\n<p>1. Formaci\u00f3n con perspectiva de g\u00e9nero en temas econ\u00f3micos, participaci\u00f3n pol\u00edtica y una vida libre de violencias hacia las mujeres<br \/>\n2. Dinamizaci\u00f3n de la Asociaci\u00f3n Subregional de Mujeres del Suroeste como sujeto pol\u00edtico y como actora territorial<br \/>\n3. Impulso a la Red de Comercializaci\u00f3n para la autonom\u00eda econ\u00f3mica de las mujeres, que integra las propuestas de ferias regionales, Fondo Rotatorio y Punto de venta propio<br \/>\n4. Actualmente se cuenta con el Punto de venta Saberes y Sabores del Suroeste, ubicado en el municipio de Jard\u00edn.<\/p>\n<p><img fetchpriority=\"high\" decoding=\"async\" class=\"wp-image-8620 size-full aligncenter\" src=\"https:\/\/vamosmujer.org.co\/sitio\/\/wp-content\/uploads\/2021\/07\/DSC03222.jpg\" alt=\"\" width=\"1024\" height=\"576\" srcset=\"https:\/\/vamosmujer.org.co\/sitio\/wp-content\/uploads\/2021\/07\/DSC03222.jpg 1024w, https:\/\/vamosmujer.org.co\/sitio\/wp-content\/uploads\/2021\/07\/DSC03222-300x169.jpg 300w, https:\/\/vamosmujer.org.co\/sitio\/wp-content\/uploads\/2021\/07\/DSC03222-768x432.jpg 768w, https:\/\/vamosmujer.org.co\/sitio\/wp-content\/uploads\/2021\/07\/DSC03222-700x394.jpg 700w, https:\/\/vamosmujer.org.co\/sitio\/wp-content\/uploads\/2021\/07\/DSC03222-500x281.jpg 500w, https:\/\/vamosmujer.org.co\/sitio\/wp-content\/uploads\/2021\/07\/DSC03222-1000x563.jpg 1000w\" sizes=\"(max-width: 1024px) 100vw, 1024px\" \/><\/p>\n<p>5. Asesor\u00eda y acompa\u00f1amiento para el fortalecimiento de las iniciativas productivas y econ\u00f3micas de las mujeres y asociaciones municipales<br \/>\n6. Desarrollo de procesos de formaci\u00f3n, acciones p\u00fablicas y procesos de exigibilidad al derecho de una vida libre de violencias para las mujeres (implementaci\u00f3n ley 1257 de 2008 y rutas de atenci\u00f3n en varios municipios a mujeres v\u00edctimas de violencias)<br \/>\n7. Formaci\u00f3n y Participaci\u00f3n activa en la concreci\u00f3n de pol\u00edticas p\u00fablicas, planes de desarrollo, presupuestos participativos, rendici\u00f3n de cuentas, en cada municipio.<\/p>\n<p>La Asociaci\u00f3n Subregional de Mujeres del Suroeste, ASUBMUS, est\u00e1 integrada por 16 organizaciones de mujeres de 14 municipios, integradas en 4 cuencas:<\/p>\n<p><strong>CUENCA SINIFAN\u00c1:<\/strong> Participan los municipios de Venecia, Amag\u00e1, y Fredonia.<\/p>\n<p>Organizaciones participantes:<\/p>\n<p>ASOMUVE &#8211; Asociaci\u00f3n de Mujeres Venecia<br \/>\nASOMUF- Asociaci\u00f3n de Mujeres de Fredonia<br \/>\nAMA \u2013 Asociaci\u00f3n de Mujeres de Amag\u00e1<\/p>\n<p><strong>CUENCA SAN JUAN:<\/strong> hacen parte los municipios de Jard\u00edn, Betania, Andes y el Resguardo ind\u00edgena Ember\u00e1 Cham\u00ed Karmatarrua<\/p>\n<p>Organizaciones participantes:<\/p>\n<p>AMUCAJAR &#8211; Asociaci\u00f3n de Mujeres de Jard\u00edn<br \/>\nGrupo de Mujeres Imaginando con las manos- Comunidad Karmatarr\u00faa<br \/>\nASMUB &#8211; Asociaci\u00f3n de Mujeres de Betania<br \/>\nAMA &#8211; Asociaci\u00f3n de Mujeres de Andes<br \/>\nCORMAPA- Corporaci\u00f3n de Mujeres en Acci\u00f3n por Andes.<\/p>\n<p><strong>CUENCA PENDERISCO:<\/strong> Urrao, Betulia y Concordia<\/p>\n<p>Organizaciones participantes:<\/p>\n<p>ASOMUR &#8211; Asociaci\u00f3n de Mujeres de Urrao<br \/>\nASOMUCO &#8211; Asociaci\u00f3n de Mujeres de Concordia<\/p>\n<p><strong>CUENCA CARTAMA:<\/strong> Participan los municipios de Caramanta, T\u00e1mesis, Santa B\u00e1rbara y Jeric\u00f3<\/p>\n<p>Organizaciones participantes:<\/p>\n<p>AMUCAR &#8211; Asociaci\u00f3n de Mujeres de Caramanta<br \/>\nASOMUTAM &#8211; Asociaci\u00f3n de Mujeres de T\u00e1mesis<br \/>\nASOMUSABA &#8211; Asociaci\u00f3n de Mujeres de Santa B\u00e1rbara<br \/>\nASOMUJER &#8211; Asociaci\u00f3n de Mujeres de Jeric\u00f3<\/p>\n<p>ASUBMUS y Vamos Mujer vamos caminando en una alianza con el <strong>Grupo de Nuevas Identidades Masculinas<\/strong>, integrado por hombres de diferentes municipios de la subregi\u00f3n. Este colectivo viene desarrollando un proceso formativo y de reflexi\u00f3n-autocr\u00edtica sobre el ser hombres y la necesidad de transformar los esquemas patriarcales que se derivan en estereotipos de g\u00e9nero y pr\u00e1cticas violentas.<\/p>\n<p>En el marco de esta alianza, tienen como prop\u00f3sito aportar en la construcci\u00f3n de territorios libres de violencia y con equidad entre los g\u00e9neros.<\/p>\n","protected":false},"excerpt":{"rendered":"<p>Esta regi\u00f3n es referente cultural de todo el departamento, por haber sido el centro de la colonizaci\u00f3n antioque\u00f1a en el siglo XIX y por el desarrollo de la econom\u00eda cafetera. Esta actividad es una fuente de ingresos importante junto con otros productos agr\u00edcolas, y el turismo ha cobrado importancia en los \u00faltimos a\u00f1os. Tiene una concentraci\u00f3n de poblaci\u00f3n rural que\u2026<\/p>\n","protected":false},"author":1,"featured_media":8280,"comment_status":"closed","ping_status":"closed","sticky":false,"template":"","format":"standard","meta":{"pgc_meta":"","footnotes":""},"categories":[65],"tags":[],"class_list":["post-6408","post","type-post","status-publish","format-standard","has-post-thumbnail","hentry","category-procesos-regional"],"yoast_head":"<!-- This site is optimized with the Yoast SEO plugin v22.4 - https:\/\/yoast.com\/wordpress\/plugins\/seo\/ -->\n<title>Suroeste de Antioquia - Corporaci\u00f3n Vamos Mujer<\/title>\n<meta name=\"robots\" content=\"index, follow, max-snippet:-1, max-image-preview:large, max-video-preview:-1\" \/>\n<link rel=\"canonical\" href=\"https:\/\/vamosmujer.org.co\/sitio\/suroeste-de-antioquia\/\" \/>\n<meta property=\"og:locale\" content=\"es_ES\" \/>\n<meta property=\"og:type\" content=\"article\" \/>\n<meta property=\"og:title\" content=\"Suroeste de Antioquia - Corporaci\u00f3n Vamos Mujer\" \/>\n<meta property=\"og:description\" content=\"Esta regi\u00f3n es referente cultural de todo el departamento, por haber sido el centro de la colonizaci\u00f3n antioque\u00f1a en el siglo XIX y por el desarrollo de la econom\u00eda cafetera. Esta actividad es una fuente de ingresos importante junto con otros productos agr\u00edcolas, y el turismo ha cobrado importancia en los \u00faltimos a\u00f1os. Tiene una concentraci\u00f3n de poblaci\u00f3n rural que\u2026\" \/>\n<meta property=\"og:url\" content=\"https:\/\/vamosmujer.org.co\/sitio\/suroeste-de-antioquia\/\" \/>\n<meta property=\"og:site_name\" content=\"Corporaci\u00f3n Vamos Mujer\" \/>\n<meta property=\"article:publisher\" content=\"https:\/\/www.facebook.com\/corporacionvamosmujer\/\" \/>\n<meta property=\"article:published_time\" content=\"2021-06-01T22:13:44+00:00\" \/>\n<meta property=\"article:modified_time\" content=\"2021-07-27T21:41:36+00:00\" \/>\n<meta property=\"og:image\" content=\"https:\/\/vamosmujer.org.co\/sitio\/wp-content\/uploads\/2021\/06\/banner_general-1.jpg\" \/>\n\t<meta property=\"og:image:width\" content=\"1918\" \/>\n\t<meta property=\"og:image:height\" content=\"254\" \/>\n\t<meta property=\"og:image:type\" content=\"image\/jpeg\" \/>\n<meta name=\"author\" content=\"interservicios\" \/>\n<meta name=\"twitter:card\" content=\"summary_large_image\" \/>\n<meta name=\"twitter:creator\" content=\"@vamosmujer\" \/>\n<meta name=\"twitter:site\" content=\"@vamosmujer\" \/>\n<meta name=\"twitter:label1\" content=\"Escrito por\" \/>\n\t<meta name=\"twitter:data1\" content=\"interservicios\" \/>\n\t<meta name=\"twitter:label2\" content=\"Tiempo estimado de lectura\" \/>\n\t<meta name=\"twitter:data2\" content=\"4 minutos\" \/>\n<script type=\"application\/ld+json\" class=\"yoast-schema-graph\">{\"@context\":\"https:\/\/schema.org\",\"@graph\":[{\"@type\":\"Article\",\"@id\":\"https:\/\/vamosmujer.org.co\/sitio\/suroeste-de-antioquia\/#article\",\"isPartOf\":{\"@id\":\"https:\/\/vamosmujer.org.co\/sitio\/suroeste-de-antioquia\/\"},\"author\":{\"name\":\"interservicios\",\"@id\":\"https:\/\/vamosmujer.org.co\/sitio\/#\/schema\/person\/73c725b063a99ae86912b9d53eef794a\"},\"headline\":\"Suroeste de Antioquia\",\"datePublished\":\"2021-06-01T22:13:44+00:00\",\"dateModified\":\"2021-07-27T21:41:36+00:00\",\"mainEntityOfPage\":{\"@id\":\"https:\/\/vamosmujer.org.co\/sitio\/suroeste-de-antioquia\/\"},\"wordCount\":726,\"publisher\":{\"@id\":\"https:\/\/vamosmujer.org.co\/sitio\/#organization\"},\"image\":{\"@id\":\"https:\/\/vamosmujer.org.co\/sitio\/suroeste-de-antioquia\/#primaryimage\"},\"thumbnailUrl\":\"https:\/\/vamosmujer.org.co\/sitio\/wp-content\/uploads\/2021\/06\/banner_general-1.jpg\",\"articleSection\":[\"Procesos regionales\"],\"inLanguage\":\"es-CO\"},{\"@type\":\"WebPage\",\"@id\":\"https:\/\/vamosmujer.org.co\/sitio\/suroeste-de-antioquia\/\",\"url\":\"https:\/\/vamosmujer.org.co\/sitio\/suroeste-de-antioquia\/\",\"name\":\"Suroeste de Antioquia - Corporaci\u00f3n Vamos Mujer\",\"isPartOf\":{\"@id\":\"https:\/\/vamosmujer.org.co\/sitio\/#website\"},\"primaryImageOfPage\":{\"@id\":\"https:\/\/vamosmujer.org.co\/sitio\/suroeste-de-antioquia\/#primaryimage\"},\"image\":{\"@id\":\"https:\/\/vamosmujer.org.co\/sitio\/suroeste-de-antioquia\/#primaryimage\"},\"thumbnailUrl\":\"https:\/\/vamosmujer.org.co\/sitio\/wp-content\/uploads\/2021\/06\/banner_general-1.jpg\",\"datePublished\":\"2021-06-01T22:13:44+00:00\",\"dateModified\":\"2021-07-27T21:41:36+00:00\",\"breadcrumb\":{\"@id\":\"https:\/\/vamosmujer.org.co\/sitio\/suroeste-de-antioquia\/#breadcrumb\"},\"inLanguage\":\"es-CO\",\"potentialAction\":[{\"@type\":\"ReadAction\",\"target\":[\"https:\/\/vamosmujer.org.co\/sitio\/suroeste-de-antioquia\/\"]}]},{\"@type\":\"ImageObject\",\"inLanguage\":\"es-CO\",\"@id\":\"https:\/\/vamosmujer.org.co\/sitio\/suroeste-de-antioquia\/#primaryimage\",\"url\":\"https:\/\/vamosmujer.org.co\/sitio\/wp-content\/uploads\/2021\/06\/banner_general-1.jpg\",\"contentUrl\":\"https:\/\/vamosmujer.org.co\/sitio\/wp-content\/uploads\/2021\/06\/banner_general-1.jpg\",\"width\":1918,\"height\":254},{\"@type\":\"BreadcrumbList\",\"@id\":\"https:\/\/vamosmujer.org.co\/sitio\/suroeste-de-antioquia\/#breadcrumb\",\"itemListElement\":[{\"@type\":\"ListItem\",\"position\":1,\"name\":\"Inicio\",\"item\":\"https:\/\/vamosmujer.org.co\/sitio\/\"},{\"@type\":\"ListItem\",\"position\":2,\"name\":\"Suroeste de Antioquia\"}]},{\"@type\":\"WebSite\",\"@id\":\"https:\/\/vamosmujer.org.co\/sitio\/#website\",\"url\":\"https:\/\/vamosmujer.org.co\/sitio\/\",\"name\":\"Corporaci\u00f3n Vamos Mujer\",\"description\":\"Vamos Mujer\",\"publisher\":{\"@id\":\"https:\/\/vamosmujer.org.co\/sitio\/#organization\"},\"potentialAction\":[{\"@type\":\"SearchAction\",\"target\":{\"@type\":\"EntryPoint\",\"urlTemplate\":\"https:\/\/vamosmujer.org.co\/sitio\/?s={search_term_string}\"},\"query-input\":\"required name=search_term_string\"}],\"inLanguage\":\"es-CO\"},{\"@type\":\"Organization\",\"@id\":\"https:\/\/vamosmujer.org.co\/sitio\/#organization\",\"name\":\"Corporaci\u00f3n Vamos Mujer\",\"url\":\"https:\/\/vamosmujer.org.co\/sitio\/\",\"logo\":{\"@type\":\"ImageObject\",\"inLanguage\":\"es-CO\",\"@id\":\"https:\/\/vamosmujer.org.co\/sitio\/#\/schema\/logo\/image\/\",\"url\":\"https:\/\/vamosmujer.org.co\/sitio\/wp-content\/uploads\/2020\/10\/logo_vamos-07.png\",\"contentUrl\":\"https:\/\/vamosmujer.org.co\/sitio\/wp-content\/uploads\/2020\/10\/logo_vamos-07.png\",\"width\":911,\"height\":231,\"caption\":\"Corporaci\u00f3n Vamos Mujer\"},\"image\":{\"@id\":\"https:\/\/vamosmujer.org.co\/sitio\/#\/schema\/logo\/image\/\"},\"sameAs\":[\"https:\/\/www.facebook.com\/corporacionvamosmujer\/\",\"https:\/\/twitter.com\/vamosmujer\",\"https:\/\/www.instagram.com\/corporacionvamosmujer\/\",\"https:\/\/www.youtube.com\/channel\/UCAc-qitYba-Hv0QWSaB04pA\/featured\"]},{\"@type\":\"Person\",\"@id\":\"https:\/\/vamosmujer.org.co\/sitio\/#\/schema\/person\/73c725b063a99ae86912b9d53eef794a\",\"name\":\"interservicios\",\"image\":{\"@type\":\"ImageObject\",\"inLanguage\":\"es-CO\",\"@id\":\"https:\/\/vamosmujer.org.co\/sitio\/#\/schema\/person\/image\/\",\"url\":\"https:\/\/secure.gravatar.com\/avatar\/dc41fba5f498a0a02255d3045e81c2b8?s=96&d=mm&r=g\",\"contentUrl\":\"https:\/\/secure.gravatar.com\/avatar\/dc41fba5f498a0a02255d3045e81c2b8?s=96&d=mm&r=g\",\"caption\":\"interservicios\"},\"sameAs\":[\"https:\/\/vamosmujer.org.co\/sitio\/\"],\"url\":\"https:\/\/vamosmujer.org.co\/sitio\/author\/interservicios\/\"}]}<\/script>\n<!-- \/ Yoast SEO plugin. -->","yoast_head_json":{"title":"Suroeste de Antioquia - Corporaci\u00f3n Vamos Mujer","robots":{"index":"index","follow":"follow","max-snippet":"max-snippet:-1","max-image-preview":"max-image-preview:large","max-video-preview":"max-video-preview:-1"},"canonical":"https:\/\/vamosmujer.org.co\/sitio\/suroeste-de-antioquia\/","og_locale":"es_ES","og_type":"article","og_title":"Suroeste de Antioquia - Corporaci\u00f3n Vamos Mujer","og_description":"Esta regi\u00f3n es referente cultural de todo el departamento, por haber sido el centro de la colonizaci\u00f3n antioque\u00f1a en el siglo XIX y por el desarrollo de la econom\u00eda cafetera. Esta actividad es una fuente de ingresos importante junto con otros productos agr\u00edcolas, y el turismo ha cobrado importancia en los \u00faltimos a\u00f1os. Tiene una concentraci\u00f3n de poblaci\u00f3n rural que\u2026","og_url":"https:\/\/vamosmujer.org.co\/sitio\/suroeste-de-antioquia\/","og_site_name":"Corporaci\u00f3n Vamos Mujer","article_publisher":"https:\/\/www.facebook.com\/corporacionvamosmujer\/","article_published_time":"2021-06-01T22:13:44+00:00","article_modified_time":"2021-07-27T21:41:36+00:00","og_image":[{"width":1918,"height":254,"url":"https:\/\/vamosmujer.org.co\/sitio\/wp-content\/uploads\/2021\/06\/banner_general-1.jpg","type":"image\/jpeg"}],"author":"interservicios","twitter_card":"summary_large_image","twitter_creator":"@vamosmujer","twitter_site":"@vamosmujer","twitter_misc":{"Escrito por":"interservicios","Tiempo estimado de lectura":"4 minutos"},"schema":{"@context":"https:\/\/schema.org","@graph":[{"@type":"Article","@id":"https:\/\/vamosmujer.org.co\/sitio\/suroeste-de-antioquia\/#article","isPartOf":{"@id":"https:\/\/vamosmujer.org.co\/sitio\/suroeste-de-antioquia\/"},"author":{"name":"interservicios","@id":"https:\/\/vamosmujer.org.co\/sitio\/#\/schema\/person\/73c725b063a99ae86912b9d53eef794a"},"headline":"Suroeste de Antioquia","datePublished":"2021-06-01T22:13:44+00:00","dateModified":"2021-07-27T21:41:36+00:00","mainEntityOfPage":{"@id":"https:\/\/vamosmujer.org.co\/sitio\/suroeste-de-antioquia\/"},"wordCount":726,"publisher":{"@id":"https:\/\/vamosmujer.org.co\/sitio\/#organization"},"image":{"@id":"https:\/\/vamosmujer.org.co\/sitio\/suroeste-de-antioquia\/#primaryimage"},"thumbnailUrl":"https:\/\/vamosmujer.org.co\/sitio\/wp-content\/uploads\/2021\/06\/banner_general-1.jpg","articleSection":["Procesos regionales"],"inLanguage":"es-CO"},{"@type":"WebPage","@id":"https:\/\/vamosmujer.org.co\/sitio\/suroeste-de-antioquia\/","url":"https:\/\/vamosmujer.org.co\/sitio\/suroeste-de-antioquia\/","name":"Suroeste de Antioquia - Corporaci\u00f3n Vamos Mujer","isPartOf":{"@id":"https:\/\/vamosmujer.org.co\/sitio\/#website"},"primaryImageOfPage":{"@id":"https:\/\/vamosmujer.org.co\/sitio\/suroeste-de-antioquia\/#primaryimage"},"image":{"@id":"https:\/\/vamosmujer.org.co\/sitio\/suroeste-de-antioquia\/#primaryimage"},"thumbnailUrl":"https:\/\/vamosmujer.org.co\/sitio\/wp-content\/uploads\/2021\/06\/banner_general-1.jpg","datePublished":"2021-06-01T22:13:44+00:00","dateModified":"2021-07-27T21:41:36+00:00","breadcrumb":{"@id":"https:\/\/vamosmujer.org.co\/sitio\/suroeste-de-antioquia\/#breadcrumb"},"inLanguage":"es-CO","potentialAction":[{"@type":"ReadAction","target":["https:\/\/vamosmujer.org.co\/sitio\/suroeste-de-antioquia\/"]}]},{"@type":"ImageObject","inLanguage":"es-CO","@id":"https:\/\/vamosmujer.org.co\/sitio\/suroeste-de-antioquia\/#primaryimage","url":"https:\/\/vamosmujer.org.co\/sitio\/wp-content\/uploads\/2021\/06\/banner_general-1.jpg","contentUrl":"https:\/\/vamosmujer.org.co\/sitio\/wp-content\/uploads\/2021\/06\/banner_general-1.jpg","width":1918,"height":254},{"@type":"BreadcrumbList","@id":"https:\/\/vamosmujer.org.co\/sitio\/suroeste-de-antioquia\/#breadcrumb","itemListElement":[{"@type":"ListItem","position":1,"name":"Inicio","item":"https:\/\/vamosmujer.org.co\/sitio\/"},{"@type":"ListItem","position":2,"name":"Suroeste de Antioquia"}]},{"@type":"WebSite","@id":"https:\/\/vamosmujer.org.co\/sitio\/#website","url":"https:\/\/vamosmujer.org.co\/sitio\/","name":"Corporaci\u00f3n Vamos Mujer","description":"Vamos Mujer","publisher":{"@id":"https:\/\/vamosmujer.org.co\/sitio\/#organization"},"potentialAction":[{"@type":"SearchAction","target":{"@type":"EntryPoint","urlTemplate":"https:\/\/vamosmujer.org.co\/sitio\/?s={search_term_string}"},"query-input":"required name=search_term_string"}],"inLanguage":"es-CO"},{"@type":"Organization","@id":"https:\/\/vamosmujer.org.co\/sitio\/#organization","name":"Corporaci\u00f3n Vamos Mujer","url":"https:\/\/vamosmujer.org.co\/sitio\/","logo":{"@type":"ImageObject","inLanguage":"es-CO","@id":"https:\/\/vamosmujer.org.co\/sitio\/#\/schema\/logo\/image\/","url":"https:\/\/vamosmujer.org.co\/sitio\/wp-content\/uploads\/2020\/10\/logo_vamos-07.png","contentUrl":"https:\/\/vamosmujer.org.co\/sitio\/wp-content\/uploads\/2020\/10\/logo_vamos-07.png","width":911,"height":231,"caption":"Corporaci\u00f3n Vamos Mujer"},"image":{"@id":"https:\/\/vamosmujer.org.co\/sitio\/#\/schema\/logo\/image\/"},"sameAs":["https:\/\/www.facebook.com\/corporacionvamosmujer\/","https:\/\/twitter.com\/vamosmujer","https:\/\/www.instagram.com\/corporacionvamosmujer\/","https:\/\/www.youtube.com\/channel\/UCAc-qitYba-Hv0QWSaB04pA\/featured"]},{"@type":"Person","@id":"https:\/\/vamosmujer.org.co\/sitio\/#\/schema\/person\/73c725b063a99ae86912b9d53eef794a","name":"interservicios","image":{"@type":"ImageObject","inLanguage":"es-CO","@id":"https:\/\/vamosmujer.org.co\/sitio\/#\/schema\/person\/image\/","url":"https:\/\/secure.gravatar.com\/avatar\/dc41fba5f498a0a02255d3045e81c2b8?s=96&d=mm&r=g","contentUrl":"https:\/\/secure.gravatar.com\/avatar\/dc41fba5f498a0a02255d3045e81c2b8?s=96&d=mm&r=g","caption":"interservicios"},"sameAs":["https:\/\/vamosmujer.org.co\/sitio\/"],"url":"https:\/\/vamosmujer.org.co\/sitio\/author\/interservicios\/"}]}},"_links":{"self":[{"href":"https:\/\/vamosmujer.org.co\/sitio\/wp-json\/wp\/v2\/posts\/6408"}],"collection":[{"href":"https:\/\/vamosmujer.org.co\/sitio\/wp-json\/wp\/v2\/posts"}],"about":[{"href":"https:\/\/vamosmujer.org.co\/sitio\/wp-json\/wp\/v2\/types\/post"}],"author":[{"embeddable":true,"href":"https:\/\/vamosmujer.org.co\/sitio\/wp-json\/wp\/v2\/users\/1"}],"replies":[{"embeddable":true,"href":"https:\/\/vamosmujer.org.co\/sitio\/wp-json\/wp\/v2\/comments?post=6408"}],"version-history":[{"count":4,"href":"https:\/\/vamosmujer.org.co\/sitio\/wp-json\/wp\/v2\/posts\/6408\/revisions"}],"predecessor-version":[{"id":8626,"href":"https:\/\/vamosmujer.org.co\/sitio\/wp-json\/wp\/v2\/posts\/6408\/revisions\/8626"}],"wp:featuredmedia":[{"embeddable":true,"href":"https:\/\/vamosmujer.org.co\/sitio\/wp-json\/wp\/v2\/media\/8280"}],"wp:attachment":[{"href":"https:\/\/vamosmujer.org.co\/sitio\/wp-json\/wp\/v2\/media?parent=6408"}],"wp:term":[{"taxonomy":"category","embeddable":true,"href":"https:\/\/vamosmujer.org.co\/sitio\/wp-json\/wp\/v2\/categories?post=6408"},{"taxonomy":"post_tag","embeddable":true,"href":"https:\/\/vamosmujer.org.co\/sitio\/wp-json\/wp\/v2\/tags?post=6408"}],"curies":[{"name":"wp","href":"https:\/\/api.w.org\/{rel}","templated":true}]}}