{"id":6784,"date":"2021-06-01T17:14:38","date_gmt":"2021-06-01T22:14:38","guid":{"rendered":"https:\/\/vamosmujer.org.co\/sitio\/\/xv-informe-de-derechos-humanos-de-las-mujeres\/"},"modified":"2021-07-26T17:01:21","modified_gmt":"2021-07-26T22:01:21","slug":"xv-informe-de-derechos-humanos-de-las-mujeres","status":"publish","type":"post","link":"https:\/\/vamosmujer.org.co\/sitio\/xv-informe-de-derechos-humanos-de-las-mujeres\/","title":{"rendered":"XV Informe de Derechos Humanos de las Mujeres"},"content":{"rendered":"<p><img fetchpriority=\"high\" decoding=\"async\" class=\"alignleft\" style=\"margin: 5px; float: left;\" src=\"\/\/vamosmujer.org.co\/sitio\/\/wp-content\/uploads\/images\/2018\/MAYO\/xvddhh.jpg\" alt=\"xvddhh\" width=\"399\" height=\"299\" \/><strong>BOLET\u00cdN DE PRENSA n\u00b01<\/strong><br \/>\n&#8220;Uno de los hallazgos del informe es que el Suroeste antioque\u00f1o es la regi\u00f3n m\u00e1s insegura para las mujeres, por ser el territorio donde m\u00e1s se presentaron asesinatos (en el 69,5% de los municipios que la conforman hubo al menos un caso de homicidio a mujeres entre 2015 y 2016). Mientras que en Medell\u00edn la tasa de homicidios a mujeres baj\u00f3 de 3,49 en 2015 a 2,83 en 2016; diferente a los municipios de Barbosa, donde la tasa aument\u00f3, y Caldas, donde se sostuvo.&#8221;<\/p>\n<p><a href=\"https:\/\/vamosmujer.org.co\/sitio\/\/boletin-de-prensa-no-1-presentacion-del-xv-informe-de-la-situacion-de-derechos-humanos-de-las-mujeres-en-medellin-y-en-territorios-de-antioquia\/\"><strong>Ver m\u00e1s..<\/strong>.<\/a><\/p>\n<p><strong>BOLET\u00cdN DE PRENSA n\u00b02<\/strong><br \/>\n&#8220;Las altas tasas de violencia contra las mujeres necesariamente deber\u00edan hacernos reflexionar, especialmente a los hombres, respecto a las concepciones de masculinidad, familia y amor rom\u00e1ntico que a\u00fan perduran en nuestra sociedad, pues muchas veces tales concepciones son la base que provoca y permite que sucedan este tipo de violencias&#8221;.\u00a0<a href=\"https:\/\/vamosmujer.org.co\/sitio\/\/boletin-de-prensa-no-2\/\"><strong>Ver m\u00e1s&#8230;<\/strong><\/a><\/p>\n<p>Cada vez que una mujer sea asesinada nosotras juntas y organizadas nos seguiremos indignando, denunciando las desatenciones estatales y levantando la voz diciendo:\u00a0&#8220;Ni una menos, Vivas nos queremos&#8221;<\/p>\n<p>Transmisi\u00f3n en vivo de la presentaci\u00f3n del informe de Derechos humanos de las mujeres #NiUnaMenos #ViolenciasContralasMujeres #DerechosDelasMujeres<br \/>\n<a href=\"https:\/\/www.facebook.com\/corporacionvamosmujer\/posts\/1497709666934913\"><strong>Ver m\u00e1s&#8230;<\/strong><\/a><\/p>\n<p><strong><a href=\"\/\/vamosmujer.org.co\/sitio\/\/wp-content\/uploads\/images\/2018\/MAYO\/infoddhh16.pdf\">Ver XV Informe completo..<\/a>.<\/strong><\/p>\n","protected":false},"excerpt":{"rendered":"<p>BOLET\u00cdN DE PRENSA n\u00b01 &#8220;Uno de los hallazgos del informe es que el Suroeste antioque\u00f1o es la regi\u00f3n m\u00e1s insegura para las mujeres, por ser el territorio donde m\u00e1s se presentaron asesinatos (en el 69,5% de los municipios que la conforman hubo al menos un caso de homicidio a mujeres entre 2015 y 2016). Mientras que en Medell\u00edn la tasa\u2026<\/p>\n","protected":false},"author":1,"featured_media":8280,"comment_status":"closed","ping_status":"closed","sticky":false,"template":"","format":"standard","meta":{"pgc_meta":"","footnotes":""},"categories":[63],"tags":[],"class_list":["post-6784","post","type-post","status-publish","format-standard","has-post-thumbnail","hentry","category-articulos"],"yoast_head":"<!-- This site is optimized with the Yoast SEO plugin v22.4 - https:\/\/yoast.com\/wordpress\/plugins\/seo\/ -->\n<title>XV Informe de Derechos Humanos de las Mujeres - Corporaci\u00f3n Vamos Mujer<\/title>\n<meta name=\"robots\" content=\"index, follow, max-snippet:-1, max-image-preview:large, max-video-preview:-1\" \/>\n<link rel=\"canonical\" href=\"https:\/\/vamosmujer.org.co\/sitio\/xv-informe-de-derechos-humanos-de-las-mujeres\/\" \/>\n<meta property=\"og:locale\" content=\"es_ES\" \/>\n<meta property=\"og:type\" content=\"article\" \/>\n<meta property=\"og:title\" content=\"XV Informe de Derechos Humanos de las Mujeres - Corporaci\u00f3n Vamos Mujer\" \/>\n<meta property=\"og:description\" content=\"BOLET\u00cdN DE PRENSA n\u00b01 &#8220;Uno de los hallazgos del informe es que el Suroeste antioque\u00f1o es la regi\u00f3n m\u00e1s insegura para las mujeres, por ser el territorio donde m\u00e1s se presentaron asesinatos (en el 69,5% de los municipios que la conforman hubo al menos un caso de homicidio a mujeres entre 2015 y 2016). Mientras que en Medell\u00edn la tasa\u2026\" \/>\n<meta property=\"og:url\" content=\"https:\/\/vamosmujer.org.co\/sitio\/xv-informe-de-derechos-humanos-de-las-mujeres\/\" \/>\n<meta property=\"og:site_name\" content=\"Corporaci\u00f3n Vamos Mujer\" \/>\n<meta property=\"article:publisher\" content=\"https:\/\/www.facebook.com\/corporacionvamosmujer\/\" \/>\n<meta property=\"article:published_time\" content=\"2021-06-01T22:14:38+00:00\" \/>\n<meta property=\"article:modified_time\" content=\"2021-07-26T22:01:21+00:00\" \/>\n<meta property=\"og:image\" content=\"https:\/\/vamosmujer.org.co\/sitio\/wp-content\/uploads\/2021\/06\/banner_general-1.jpg\" \/>\n\t<meta property=\"og:image:width\" content=\"1918\" \/>\n\t<meta property=\"og:image:height\" content=\"254\" \/>\n\t<meta property=\"og:image:type\" content=\"image\/jpeg\" \/>\n<meta name=\"author\" content=\"interservicios\" \/>\n<meta name=\"twitter:card\" content=\"summary_large_image\" \/>\n<meta name=\"twitter:creator\" content=\"@vamosmujer\" \/>\n<meta name=\"twitter:site\" content=\"@vamosmujer\" \/>\n<meta name=\"twitter:label1\" content=\"Escrito por\" \/>\n\t<meta name=\"twitter:data1\" content=\"interservicios\" \/>\n\t<meta name=\"twitter:label2\" content=\"Tiempo estimado de lectura\" \/>\n\t<meta name=\"twitter:data2\" content=\"1 minuto\" \/>\n<script type=\"application\/ld+json\" class=\"yoast-schema-graph\">{\"@context\":\"https:\/\/schema.org\",\"@graph\":[{\"@type\":\"Article\",\"@id\":\"https:\/\/vamosmujer.org.co\/sitio\/xv-informe-de-derechos-humanos-de-las-mujeres\/#article\",\"isPartOf\":{\"@id\":\"https:\/\/vamosmujer.org.co\/sitio\/xv-informe-de-derechos-humanos-de-las-mujeres\/\"},\"author\":{\"name\":\"interservicios\",\"@id\":\"https:\/\/vamosmujer.org.co\/sitio\/#\/schema\/person\/73c725b063a99ae86912b9d53eef794a\"},\"headline\":\"XV Informe de Derechos Humanos de las Mujeres\",\"datePublished\":\"2021-06-01T22:14:38+00:00\",\"dateModified\":\"2021-07-26T22:01:21+00:00\",\"mainEntityOfPage\":{\"@id\":\"https:\/\/vamosmujer.org.co\/sitio\/xv-informe-de-derechos-humanos-de-las-mujeres\/\"},\"wordCount\":214,\"publisher\":{\"@id\":\"https:\/\/vamosmujer.org.co\/sitio\/#organization\"},\"image\":{\"@id\":\"https:\/\/vamosmujer.org.co\/sitio\/xv-informe-de-derechos-humanos-de-las-mujeres\/#primaryimage\"},\"thumbnailUrl\":\"https:\/\/vamosmujer.org.co\/sitio\/wp-content\/uploads\/2021\/06\/banner_general-1.jpg\",\"articleSection\":[\"Articulos\"],\"inLanguage\":\"es-CO\"},{\"@type\":\"WebPage\",\"@id\":\"https:\/\/vamosmujer.org.co\/sitio\/xv-informe-de-derechos-humanos-de-las-mujeres\/\",\"url\":\"https:\/\/vamosmujer.org.co\/sitio\/xv-informe-de-derechos-humanos-de-las-mujeres\/\",\"name\":\"XV Informe de Derechos Humanos de las Mujeres - Corporaci\u00f3n Vamos Mujer\",\"isPartOf\":{\"@id\":\"https:\/\/vamosmujer.org.co\/sitio\/#website\"},\"primaryImageOfPage\":{\"@id\":\"https:\/\/vamosmujer.org.co\/sitio\/xv-informe-de-derechos-humanos-de-las-mujeres\/#primaryimage\"},\"image\":{\"@id\":\"https:\/\/vamosmujer.org.co\/sitio\/xv-informe-de-derechos-humanos-de-las-mujeres\/#primaryimage\"},\"thumbnailUrl\":\"https:\/\/vamosmujer.org.co\/sitio\/wp-content\/uploads\/2021\/06\/banner_general-1.jpg\",\"datePublished\":\"2021-06-01T22:14:38+00:00\",\"dateModified\":\"2021-07-26T22:01:21+00:00\",\"breadcrumb\":{\"@id\":\"https:\/\/vamosmujer.org.co\/sitio\/xv-informe-de-derechos-humanos-de-las-mujeres\/#breadcrumb\"},\"inLanguage\":\"es-CO\",\"potentialAction\":[{\"@type\":\"ReadAction\",\"target\":[\"https:\/\/vamosmujer.org.co\/sitio\/xv-informe-de-derechos-humanos-de-las-mujeres\/\"]}]},{\"@type\":\"ImageObject\",\"inLanguage\":\"es-CO\",\"@id\":\"https:\/\/vamosmujer.org.co\/sitio\/xv-informe-de-derechos-humanos-de-las-mujeres\/#primaryimage\",\"url\":\"https:\/\/vamosmujer.org.co\/sitio\/wp-content\/uploads\/2021\/06\/banner_general-1.jpg\",\"contentUrl\":\"https:\/\/vamosmujer.org.co\/sitio\/wp-content\/uploads\/2021\/06\/banner_general-1.jpg\",\"width\":1918,\"height\":254},{\"@type\":\"BreadcrumbList\",\"@id\":\"https:\/\/vamosmujer.org.co\/sitio\/xv-informe-de-derechos-humanos-de-las-mujeres\/#breadcrumb\",\"itemListElement\":[{\"@type\":\"ListItem\",\"position\":1,\"name\":\"Inicio\",\"item\":\"https:\/\/vamosmujer.org.co\/sitio\/\"},{\"@type\":\"ListItem\",\"position\":2,\"name\":\"XV Informe de Derechos Humanos de las Mujeres\"}]},{\"@type\":\"WebSite\",\"@id\":\"https:\/\/vamosmujer.org.co\/sitio\/#website\",\"url\":\"https:\/\/vamosmujer.org.co\/sitio\/\",\"name\":\"Corporaci\u00f3n Vamos Mujer\",\"description\":\"Vamos Mujer\",\"publisher\":{\"@id\":\"https:\/\/vamosmujer.org.co\/sitio\/#organization\"},\"potentialAction\":[{\"@type\":\"SearchAction\",\"target\":{\"@type\":\"EntryPoint\",\"urlTemplate\":\"https:\/\/vamosmujer.org.co\/sitio\/?s={search_term_string}\"},\"query-input\":\"required name=search_term_string\"}],\"inLanguage\":\"es-CO\"},{\"@type\":\"Organization\",\"@id\":\"https:\/\/vamosmujer.org.co\/sitio\/#organization\",\"name\":\"Corporaci\u00f3n Vamos Mujer\",\"url\":\"https:\/\/vamosmujer.org.co\/sitio\/\",\"logo\":{\"@type\":\"ImageObject\",\"inLanguage\":\"es-CO\",\"@id\":\"https:\/\/vamosmujer.org.co\/sitio\/#\/schema\/logo\/image\/\",\"url\":\"https:\/\/vamosmujer.org.co\/sitio\/wp-content\/uploads\/2020\/10\/logo_vamos-07.png\",\"contentUrl\":\"https:\/\/vamosmujer.org.co\/sitio\/wp-content\/uploads\/2020\/10\/logo_vamos-07.png\",\"width\":911,\"height\":231,\"caption\":\"Corporaci\u00f3n Vamos Mujer\"},\"image\":{\"@id\":\"https:\/\/vamosmujer.org.co\/sitio\/#\/schema\/logo\/image\/\"},\"sameAs\":[\"https:\/\/www.facebook.com\/corporacionvamosmujer\/\",\"https:\/\/twitter.com\/vamosmujer\",\"https:\/\/www.instagram.com\/corporacionvamosmujer\/\",\"https:\/\/www.youtube.com\/channel\/UCAc-qitYba-Hv0QWSaB04pA\/featured\"]},{\"@type\":\"Person\",\"@id\":\"https:\/\/vamosmujer.org.co\/sitio\/#\/schema\/person\/73c725b063a99ae86912b9d53eef794a\",\"name\":\"interservicios\",\"image\":{\"@type\":\"ImageObject\",\"inLanguage\":\"es-CO\",\"@id\":\"https:\/\/vamosmujer.org.co\/sitio\/#\/schema\/person\/image\/\",\"url\":\"https:\/\/secure.gravatar.com\/avatar\/dc41fba5f498a0a02255d3045e81c2b8?s=96&d=mm&r=g\",\"contentUrl\":\"https:\/\/secure.gravatar.com\/avatar\/dc41fba5f498a0a02255d3045e81c2b8?s=96&d=mm&r=g\",\"caption\":\"interservicios\"},\"sameAs\":[\"https:\/\/vamosmujer.org.co\/sitio\/\"],\"url\":\"https:\/\/vamosmujer.org.co\/sitio\/author\/interservicios\/\"}]}<\/script>\n<!-- \/ Yoast SEO plugin. -->","yoast_head_json":{"title":"XV Informe de Derechos Humanos de las Mujeres - Corporaci\u00f3n Vamos Mujer","robots":{"index":"index","follow":"follow","max-snippet":"max-snippet:-1","max-image-preview":"max-image-preview:large","max-video-preview":"max-video-preview:-1"},"canonical":"https:\/\/vamosmujer.org.co\/sitio\/xv-informe-de-derechos-humanos-de-las-mujeres\/","og_locale":"es_ES","og_type":"article","og_title":"XV Informe de Derechos Humanos de las Mujeres - Corporaci\u00f3n Vamos Mujer","og_description":"BOLET\u00cdN DE PRENSA n\u00b01 &#8220;Uno de los hallazgos del informe es que el Suroeste antioque\u00f1o es la regi\u00f3n m\u00e1s insegura para las mujeres, por ser el territorio donde m\u00e1s se presentaron asesinatos (en el 69,5% de los municipios que la conforman hubo al menos un caso de homicidio a mujeres entre 2015 y 2016). Mientras que en Medell\u00edn la tasa\u2026","og_url":"https:\/\/vamosmujer.org.co\/sitio\/xv-informe-de-derechos-humanos-de-las-mujeres\/","og_site_name":"Corporaci\u00f3n Vamos Mujer","article_publisher":"https:\/\/www.facebook.com\/corporacionvamosmujer\/","article_published_time":"2021-06-01T22:14:38+00:00","article_modified_time":"2021-07-26T22:01:21+00:00","og_image":[{"width":1918,"height":254,"url":"https:\/\/vamosmujer.org.co\/sitio\/wp-content\/uploads\/2021\/06\/banner_general-1.jpg","type":"image\/jpeg"}],"author":"interservicios","twitter_card":"summary_large_image","twitter_creator":"@vamosmujer","twitter_site":"@vamosmujer","twitter_misc":{"Escrito por":"interservicios","Tiempo estimado de lectura":"1 minuto"},"schema":{"@context":"https:\/\/schema.org","@graph":[{"@type":"Article","@id":"https:\/\/vamosmujer.org.co\/sitio\/xv-informe-de-derechos-humanos-de-las-mujeres\/#article","isPartOf":{"@id":"https:\/\/vamosmujer.org.co\/sitio\/xv-informe-de-derechos-humanos-de-las-mujeres\/"},"author":{"name":"interservicios","@id":"https:\/\/vamosmujer.org.co\/sitio\/#\/schema\/person\/73c725b063a99ae86912b9d53eef794a"},"headline":"XV Informe de Derechos Humanos de las Mujeres","datePublished":"2021-06-01T22:14:38+00:00","dateModified":"2021-07-26T22:01:21+00:00","mainEntityOfPage":{"@id":"https:\/\/vamosmujer.org.co\/sitio\/xv-informe-de-derechos-humanos-de-las-mujeres\/"},"wordCount":214,"publisher":{"@id":"https:\/\/vamosmujer.org.co\/sitio\/#organization"},"image":{"@id":"https:\/\/vamosmujer.org.co\/sitio\/xv-informe-de-derechos-humanos-de-las-mujeres\/#primaryimage"},"thumbnailUrl":"https:\/\/vamosmujer.org.co\/sitio\/wp-content\/uploads\/2021\/06\/banner_general-1.jpg","articleSection":["Articulos"],"inLanguage":"es-CO"},{"@type":"WebPage","@id":"https:\/\/vamosmujer.org.co\/sitio\/xv-informe-de-derechos-humanos-de-las-mujeres\/","url":"https:\/\/vamosmujer.org.co\/sitio\/xv-informe-de-derechos-humanos-de-las-mujeres\/","name":"XV Informe de Derechos Humanos de las Mujeres - Corporaci\u00f3n Vamos Mujer","isPartOf":{"@id":"https:\/\/vamosmujer.org.co\/sitio\/#website"},"primaryImageOfPage":{"@id":"https:\/\/vamosmujer.org.co\/sitio\/xv-informe-de-derechos-humanos-de-las-mujeres\/#primaryimage"},"image":{"@id":"https:\/\/vamosmujer.org.co\/sitio\/xv-informe-de-derechos-humanos-de-las-mujeres\/#primaryimage"},"thumbnailUrl":"https:\/\/vamosmujer.org.co\/sitio\/wp-content\/uploads\/2021\/06\/banner_general-1.jpg","datePublished":"2021-06-01T22:14:38+00:00","dateModified":"2021-07-26T22:01:21+00:00","breadcrumb":{"@id":"https:\/\/vamosmujer.org.co\/sitio\/xv-informe-de-derechos-humanos-de-las-mujeres\/#breadcrumb"},"inLanguage":"es-CO","potentialAction":[{"@type":"ReadAction","target":["https:\/\/vamosmujer.org.co\/sitio\/xv-informe-de-derechos-humanos-de-las-mujeres\/"]}]},{"@type":"ImageObject","inLanguage":"es-CO","@id":"https:\/\/vamosmujer.org.co\/sitio\/xv-informe-de-derechos-humanos-de-las-mujeres\/#primaryimage","url":"https:\/\/vamosmujer.org.co\/sitio\/wp-content\/uploads\/2021\/06\/banner_general-1.jpg","contentUrl":"https:\/\/vamosmujer.org.co\/sitio\/wp-content\/uploads\/2021\/06\/banner_general-1.jpg","width":1918,"height":254},{"@type":"BreadcrumbList","@id":"https:\/\/vamosmujer.org.co\/sitio\/xv-informe-de-derechos-humanos-de-las-mujeres\/#breadcrumb","itemListElement":[{"@type":"ListItem","position":1,"name":"Inicio","item":"https:\/\/vamosmujer.org.co\/sitio\/"},{"@type":"ListItem","position":2,"name":"XV Informe de Derechos Humanos de las Mujeres"}]},{"@type":"WebSite","@id":"https:\/\/vamosmujer.org.co\/sitio\/#website","url":"https:\/\/vamosmujer.org.co\/sitio\/","name":"Corporaci\u00f3n Vamos Mujer","description":"Vamos Mujer","publisher":{"@id":"https:\/\/vamosmujer.org.co\/sitio\/#organization"},"potentialAction":[{"@type":"SearchAction","target":{"@type":"EntryPoint","urlTemplate":"https:\/\/vamosmujer.org.co\/sitio\/?s={search_term_string}"},"query-input":"required name=search_term_string"}],"inLanguage":"es-CO"},{"@type":"Organization","@id":"https:\/\/vamosmujer.org.co\/sitio\/#organization","name":"Corporaci\u00f3n Vamos Mujer","url":"https:\/\/vamosmujer.org.co\/sitio\/","logo":{"@type":"ImageObject","inLanguage":"es-CO","@id":"https:\/\/vamosmujer.org.co\/sitio\/#\/schema\/logo\/image\/","url":"https:\/\/vamosmujer.org.co\/sitio\/wp-content\/uploads\/2020\/10\/logo_vamos-07.png","contentUrl":"https:\/\/vamosmujer.org.co\/sitio\/wp-content\/uploads\/2020\/10\/logo_vamos-07.png","width":911,"height":231,"caption":"Corporaci\u00f3n Vamos Mujer"},"image":{"@id":"https:\/\/vamosmujer.org.co\/sitio\/#\/schema\/logo\/image\/"},"sameAs":["https:\/\/www.facebook.com\/corporacionvamosmujer\/","https:\/\/twitter.com\/vamosmujer","https:\/\/www.instagram.com\/corporacionvamosmujer\/","https:\/\/www.youtube.com\/channel\/UCAc-qitYba-Hv0QWSaB04pA\/featured"]},{"@type":"Person","@id":"https:\/\/vamosmujer.org.co\/sitio\/#\/schema\/person\/73c725b063a99ae86912b9d53eef794a","name":"interservicios","image":{"@type":"ImageObject","inLanguage":"es-CO","@id":"https:\/\/vamosmujer.org.co\/sitio\/#\/schema\/person\/image\/","url":"https:\/\/secure.gravatar.com\/avatar\/dc41fba5f498a0a02255d3045e81c2b8?s=96&d=mm&r=g","contentUrl":"https:\/\/secure.gravatar.com\/avatar\/dc41fba5f498a0a02255d3045e81c2b8?s=96&d=mm&r=g","caption":"interservicios"},"sameAs":["https:\/\/vamosmujer.org.co\/sitio\/"],"url":"https:\/\/vamosmujer.org.co\/sitio\/author\/interservicios\/"}]}},"_links":{"self":[{"href":"https:\/\/vamosmujer.org.co\/sitio\/wp-json\/wp\/v2\/posts\/6784"}],"collection":[{"href":"https:\/\/vamosmujer.org.co\/sitio\/wp-json\/wp\/v2\/posts"}],"about":[{"href":"https:\/\/vamosmujer.org.co\/sitio\/wp-json\/wp\/v2\/types\/post"}],"author":[{"embeddable":true,"href":"https:\/\/vamosmujer.org.co\/sitio\/wp-json\/wp\/v2\/users\/1"}],"replies":[{"embeddable":true,"href":"https:\/\/vamosmujer.org.co\/sitio\/wp-json\/wp\/v2\/comments?post=6784"}],"version-history":[{"count":6,"href":"https:\/\/vamosmujer.org.co\/sitio\/wp-json\/wp\/v2\/posts\/6784\/revisions"}],"predecessor-version":[{"id":8599,"href":"https:\/\/vamosmujer.org.co\/sitio\/wp-json\/wp\/v2\/posts\/6784\/revisions\/8599"}],"wp:featuredmedia":[{"embeddable":true,"href":"https:\/\/vamosmujer.org.co\/sitio\/wp-json\/wp\/v2\/media\/8280"}],"wp:attachment":[{"href":"https:\/\/vamosmujer.org.co\/sitio\/wp-json\/wp\/v2\/media?parent=6784"}],"wp:term":[{"taxonomy":"category","embeddable":true,"href":"https:\/\/vamosmujer.org.co\/sitio\/wp-json\/wp\/v2\/categories?post=6784"},{"taxonomy":"post_tag","embeddable":true,"href":"https:\/\/vamosmujer.org.co\/sitio\/wp-json\/wp\/v2\/tags?post=6784"}],"curies":[{"name":"wp","href":"https:\/\/api.w.org\/{rel}","templated":true}]}}